{"id":3416,"date":"2022-12-10T01:01:38","date_gmt":"2022-12-10T01:01:38","guid":{"rendered":"https:\/\/composers-inside-electronics.net\/JER\/?p=3416"},"modified":"2023-09-21T23:11:52","modified_gmt":"2023-09-21T23:11:52","slug":"project-page-jaffe-edelstein-reeder","status":"publish","type":"post","link":"https:\/\/composers-inside-electronics.net\/JER\/2022\/12\/10\/project-page-jaffe-edelstein-reeder\/","title":{"rendered":"Project Post: LocaleS<sup>3<\/sup> Jaff\u00e9, Edelstein, Reeder"},"content":{"rendered":"\n<div id=\"ez-toc-container\" class=\"ez-toc-v2_0_87 counter-hierarchy ez-toc-counter ez-toc-grey ez-toc-container-direction\">\n<div class=\"ez-toc-title-container\">\n<p class=\"ez-toc-title\" style=\"cursor:inherit\">Table of Contents<\/p>\n<span class=\"ez-toc-title-toggle\"><a href=\"#\" class=\"ez-toc-pull-right ez-toc-btn ez-toc-btn-xs ez-toc-btn-default ez-toc-toggle\" aria-label=\"Toggle Table of Content\"><span class=\"ez-toc-js-icon-con\"><span class=\"\"><span class=\"eztoc-hide\" style=\"display:none;\">Toggle<\/span><span class=\"ez-toc-icon-toggle-span\"><svg style=\"fill: #999;color:#999\" xmlns=\"http:\/\/www.w3.org\/2000\/svg\" class=\"list-377408\" width=\"20px\" height=\"20px\" viewBox=\"0 0 24 24\" fill=\"none\"><path d=\"M6 6H4v2h2V6zm14 0H8v2h12V6zM4 11h2v2H4v-2zm16 0H8v2h12v-2zM4 16h2v2H4v-2zm16 0H8v2h12v-2z\" fill=\"currentColor\"><\/path><\/svg><svg style=\"fill: #999;color:#999\" class=\"arrow-unsorted-368013\" xmlns=\"http:\/\/www.w3.org\/2000\/svg\" width=\"10px\" height=\"10px\" viewBox=\"0 0 24 24\" version=\"1.2\" baseProfile=\"tiny\"><path d=\"M18.2 9.3l-6.2-6.3-6.2 6.3c-.2.2-.3.4-.3.7s.1.5.3.7c.2.2.4.3.7.3h11c.3 0 .5-.1.7-.3.2-.2.3-.5.3-.7s-.1-.5-.3-.7zM5.8 14.7l6.2 6.3 6.2-6.3c.2-.2.3-.5.3-.7s-.1-.5-.3-.7c-.2-.2-.4-.3-.7-.3h-11c-.3 0-.5.1-.7.3-.2.2-.3.5-.3.7s.1.5.3.7z\"\/><\/svg><\/span><\/span><\/span><\/a><\/span><\/div>\n<nav><ul class='ez-toc-list ez-toc-list-level-1 ' ><li class='ez-toc-page-1 ez-toc-heading-level-1'><a class=\"ez-toc-link ez-toc-heading-1\" href=\"https:\/\/composers-inside-electronics.net\/JER\/2022\/12\/10\/project-page-jaffe-edelstein-reeder\/#Overview\" >Overview<\/a><\/li><li class='ez-toc-page-1 ez-toc-heading-level-1'><a class=\"ez-toc-link ez-toc-heading-2\" href=\"https:\/\/composers-inside-electronics.net\/JER\/2022\/12\/10\/project-page-jaffe-edelstein-reeder\/#Background\" >Background<\/a><ul class='ez-toc-list-level-2' ><li class='ez-toc-heading-level-2'><a class=\"ez-toc-link ez-toc-heading-3\" href=\"https:\/\/composers-inside-electronics.net\/JER\/2022\/12\/10\/project-page-jaffe-edelstein-reeder\/#Other_References\" >Other References<\/a><\/li><\/ul><\/li><li class='ez-toc-page-1 ez-toc-heading-level-1'><a class=\"ez-toc-link ez-toc-heading-4\" href=\"https:\/\/composers-inside-electronics.net\/JER\/2022\/12\/10\/project-page-jaffe-edelstein-reeder\/#360_Video_of_Rainforest_V_variation_1_at_MoMA\" >360 Video of Rainforest V (variation 1) at MoMA<\/a><\/li><li class='ez-toc-page-1 ez-toc-heading-level-1'><a class=\"ez-toc-link ez-toc-heading-5\" href=\"https:\/\/composers-inside-electronics.net\/JER\/2022\/12\/10\/project-page-jaffe-edelstein-reeder\/#Rainforest_V_variation_3_at_Arter\" >Rainforest V (variation 3) at Arter<\/a><ul class='ez-toc-list-level-2' ><li class='ez-toc-heading-level-2'><a class=\"ez-toc-link ez-toc-heading-6\" href=\"https:\/\/composers-inside-electronics.net\/JER\/2022\/12\/10\/project-page-jaffe-edelstein-reeder\/#Installation_Video\" >Installation Video<\/a><\/li><\/ul><\/li><\/ul><\/nav><\/div>\n<h1 class=\"wp-block-heading\"><span class=\"ez-toc-section\" id=\"Overview\"><\/span>Overview<span class=\"ez-toc-section-end\"><\/span><\/h1>\n\n\n\n<p class=\"wp-block-paragraph\">This is the project website for collection of collaborative projects from Michelle Jaff\u00e9, Phil Edelstein, and David Reeder.<\/p>\n\n\n\n<h1 class=\"wp-block-heading\"><span class=\"ez-toc-section\" id=\"Background\"><\/span>Background<span class=\"ez-toc-section-end\"><\/span><\/h1>\n\n\n\n<p class=\"wp-block-paragraph\">Michelle Jaff\u00e9 met David Reeder in 2003 while she was Artist-in-Residence at the Computer Music Department at Brooklyn College, under Amnon Wolman.<\/p>\n\n\n\n<p class=\"wp-block-paragraph\">Jaff\u00e9 asked Reeder to program SuperCollider so the two of them could spatialize her 27:00-minute composition for Wappen Field. &nbsp;<a href=\"https:\/\/michellejaffe.com\/sound-video\/wappen-field--2003-2015\">https:\/\/michellejaffe.com\/sound-video\/wappen-field&#8211;2003-2015<\/a><\/p>\n\n\n\n<p class=\"wp-block-paragraph\">Michelle Jaff\u00e9 and Phil Edelstein started working together at the Rainforest IV workshop at Caramoor Music Festival 2014. The next project was a performance of Edelstein\u2019s Impulsions at fEAT in Stony Brook LI. &nbsp;<strong>2016: Stony Brook University,&nbsp;<em class=\"\">50th Anniversary of Experiments in Art &amp; Technology,<\/em>&nbsp;cDACT<\/strong><\/p>\n\n\n\n<p class=\"wp-block-paragraph\">The three came together in 2018 sharing ideas for joint works. After gestation period during, common interests in composing, sound in space, software began coalescing to a series of projects. The first of which is this residency proposal for Harvestworks.&nbsp;<\/p>\n\n\n\n<h2 class=\"wp-block-heading\"><span class=\"ez-toc-section\" id=\"Other_References\"><\/span>Other References<span class=\"ez-toc-section-end\"><\/span><\/h2>\n\n\n\n<p class=\"wp-block-paragraph\">Here are some views of the previous projects that brought us here.<\/p>\n\n\n\n<p class=\"wp-block-paragraph\"><a href=\"https:\/\/www.michellejaffe.com\/sound-video\/wappen-field--2003-2015\/wappen-field--videos\">https:\/\/www.michellejaffe.com\/sound-video\/wappen-field&#8211;2003-2015\/wappen-field&#8211;videos<\/a><\/p>\n\n\n\n<figure class=\"wp-block-embed is-type-video is-provider-vimeo wp-block-embed-vimeo\"><div class=\"wp-block-embed__wrapper\">\n<iframe loading=\"lazy\" title=\"Wappen Field at Transylvania University &amp; Bosi Contemporary\" src=\"https:\/\/player.vimeo.com\/video\/382191470?dnt=1&amp;app_id=122963\" width=\"800\" height=\"450\" frameborder=\"0\" allow=\"autoplay; fullscreen; picture-in-picture\"><\/iframe>\n<\/div><\/figure>\n\n\n\n<h1 class=\"wp-block-heading\"><span class=\"ez-toc-section\" id=\"360_Video_of_Rainforest_V_variation_1_at_MoMA\"><\/span>360 Video of Rainforest V (variation 1) at MoMA<span class=\"ez-toc-section-end\"><\/span><\/h1>\n\n\n\n<iframe loading=\"lazy\" width=\"1160\" height=\"653\" src=\"https:\/\/www.youtube.com\/embed\/SL3el1i_vG0\" title=\"HOW TO SEE | David Tudor's Rainforest V (variation 1) in 360!\" frameborder=\"0\" allow=\"accelerometer; autoplay; clipboard-write; encrypted-media; gyroscope; picture-in-picture\" allowfullscreen=\"\"><\/iframe>\n\n\n\n<h1 class=\"wp-block-heading\"><span class=\"ez-toc-section\" id=\"Rainforest_V_variation_3_at_Arter\"><\/span>Rainforest V (variation 3) at Arter<span class=\"ez-toc-section-end\"><\/span><\/h1>\n\n\n\n<figure class=\"wp-block-embed is-type-rich is-provider-embed-handler wp-block-embed-embed-handler wp-embed-aspect-16-9 wp-has-aspect-ratio\"><div class=\"wp-block-embed__wrapper\">\n<iframe loading=\"lazy\" title=\"Ya\u011fmur Orman\u0131 V (varyasyon 3) | Rainforest V (variation 3)\" width=\"800\" height=\"450\" src=\"https:\/\/www.youtube.com\/embed\/qLAI1WE63PQ?feature=oembed\" frameborder=\"0\" allow=\"accelerometer; autoplay; clipboard-write; encrypted-media; gyroscope; picture-in-picture; web-share\" allowfullscreen><\/iframe>\n<\/div><\/figure>\n\n\n\n<h2 class=\"wp-block-heading\"><span class=\"ez-toc-section\" id=\"Installation_Video\"><\/span> Installation Video<span class=\"ez-toc-section-end\"><\/span><\/h2>\n\n\n\n<figure class=\"wp-block-embed is-type-rich is-provider-embed-handler wp-block-embed-embed-handler wp-embed-aspect-16-9 wp-has-aspect-ratio\"><div class=\"wp-block-embed__wrapper\">\n<iframe loading=\"lazy\" title=\"Ya\u011fmur Orman\u0131 V (varyasyon 3) Kurulum S\u00fcreci | Rainforest V (variation 3) Installation Process\" width=\"800\" height=\"450\" src=\"https:\/\/www.youtube.com\/embed\/Zd47NbfiqTk?feature=oembed\" frameborder=\"0\" allow=\"accelerometer; autoplay; clipboard-write; encrypted-media; gyroscope; picture-in-picture; web-share\" allowfullscreen><\/iframe>\n<\/div><\/figure>\n","protected":false},"excerpt":{"rendered":"<p>Overview This is the project website for collection of collaborative projects from Michelle Jaff\u00e9, Phil Edelstein, and David Reeder. Background Michelle Jaff\u00e9 met David Reeder [&#8230;]<\/p>\n","protected":false},"author":2,"featured_media":0,"comment_status":"closed","ping_status":"closed","sticky":false,"template":"","format":"standard","meta":{"footnotes":""},"categories":[11],"tags":[],"class_list":["post-3416","post","type-post","status-publish","format-standard","hentry","category-projects"],"_links":{"self":[{"href":"https:\/\/composers-inside-electronics.net\/JER\/wp-json\/wp\/v2\/posts\/3416","targetHints":{"allow":["GET"]}}],"collection":[{"href":"https:\/\/composers-inside-electronics.net\/JER\/wp-json\/wp\/v2\/posts"}],"about":[{"href":"https:\/\/composers-inside-electronics.net\/JER\/wp-json\/wp\/v2\/types\/post"}],"author":[{"embeddable":true,"href":"https:\/\/composers-inside-electronics.net\/JER\/wp-json\/wp\/v2\/users\/2"}],"replies":[{"embeddable":true,"href":"https:\/\/composers-inside-electronics.net\/JER\/wp-json\/wp\/v2\/comments?post=3416"}],"version-history":[{"count":15,"href":"https:\/\/composers-inside-electronics.net\/JER\/wp-json\/wp\/v2\/posts\/3416\/revisions"}],"predecessor-version":[{"id":3743,"href":"https:\/\/composers-inside-electronics.net\/JER\/wp-json\/wp\/v2\/posts\/3416\/revisions\/3743"}],"wp:attachment":[{"href":"https:\/\/composers-inside-electronics.net\/JER\/wp-json\/wp\/v2\/media?parent=3416"}],"wp:term":[{"taxonomy":"category","embeddable":true,"href":"https:\/\/composers-inside-electronics.net\/JER\/wp-json\/wp\/v2\/categories?post=3416"},{"taxonomy":"post_tag","embeddable":true,"href":"https:\/\/composers-inside-electronics.net\/JER\/wp-json\/wp\/v2\/tags?post=3416"}],"curies":[{"name":"wp","href":"https:\/\/api.w.org\/{rel}","templated":true}]}}